{"id":95,"date":"2025-06-13T07:04:29","date_gmt":"2025-06-13T06:04:29","guid":{"rendered":"https:\/\/lo.harryda.eu\/?p=95"},"modified":"2025-06-13T07:04:32","modified_gmt":"2025-06-13T06:04:32","slug":"engagerande-dialoger-om-barnomsorg-och-aldrevard","status":"publish","type":"post","link":"https:\/\/lo.harryda.eu\/index.php\/2025\/06\/13\/engagerande-dialoger-om-barnomsorg-och-aldrevard\/","title":{"rendered":"Engagerande Dialoger om Barnomsorg och \u00c4ldrev\u00e5rd"},"content":{"rendered":"\n<figure class=\"wp-block-image size-large\"><img loading=\"lazy\" decoding=\"async\" width=\"1024\" height=\"575\" src=\"https:\/\/lo.harryda.eu\/wp-content\/uploads\/2025\/06\/17497937003404943596958151223021-1024x575.jpg\" alt=\"\" class=\"wp-image-96\" srcset=\"https:\/\/lo.harryda.eu\/wp-content\/uploads\/2025\/06\/17497937003404943596958151223021-1024x575.jpg 1024w, https:\/\/lo.harryda.eu\/wp-content\/uploads\/2025\/06\/17497937003404943596958151223021-300x169.jpg 300w, https:\/\/lo.harryda.eu\/wp-content\/uploads\/2025\/06\/17497937003404943596958151223021-768x432.jpg 768w, https:\/\/lo.harryda.eu\/wp-content\/uploads\/2025\/06\/17497937003404943596958151223021-570x320.jpg 570w, https:\/\/lo.harryda.eu\/wp-content\/uploads\/2025\/06\/17497937003404943596958151223021-528x297.jpg 528w, https:\/\/lo.harryda.eu\/wp-content\/uploads\/2025\/06\/17497937003404943596958151223021.jpg 1050w\" sizes=\"auto, (max-width: 1024px) 100vw, 1024px\" \/><\/figure>\n\n\n\n<p>Under kv\u00e4llen den 12 juni tr\u00e4ffades 15 personer p\u00e5 M\u00f6lnlycke Kulturhus f\u00f6r se p\u00e5 filmvisningen av &#8221;<a href=\"https:\/\/www.detomatbara.se\" data-type=\"link\" data-id=\"https:\/\/www.detomatbara.se\">Det om\u00e4tbara<\/a>&#8221;.<\/p>\n\n\n\n<p>LO H\u00e4rryda och <a href=\"https:\/\/www.abf.se\/sjuharad\/\" data-type=\"link\" data-id=\"https:\/\/www.abf.se\/sjuharad\/\">ABF Sjuh\u00e4rad<\/a> genomf\u00f6rde tillsammans en visning av filmen i full\u00e4ngd med ett efterf\u00f6ljande dialogsamtal med tv\u00e5 som arbetar i H\u00e4rryda kommun p\u00e5 barnomsorg och \u00e4ldrev\u00e5rd.<\/p>\n\n\n\n<p>I\u00a0<em>Det om\u00e4tbara<\/em>\u00a0v\u00e4nder Nils Petter L\u00f6fstedt \u00f6msint kameran mot sina f\u00f6r\u00e4ldrar och den stora yrkesgrupp som arbetar med att ta hand om andra. Resultatet \u00e4r en dokument\u00e4r om en just nu om\u00f6jlig ekvation. P\u00e5 samma g\u00e5ng en uppmaning till kamp och en varm skildring av det som definierar oss som m\u00e4nniskor. Ber\u00e4ttelserna visar sig vara en krutdurk i Sverige 2024.<\/p>\n\n\n\n<figure class=\"wp-block-gallery has-nested-images columns-default is-cropped wp-block-gallery-1 is-layout-flex wp-block-gallery-is-layout-flex\">\n<figure class=\"wp-block-image size-large\"><img loading=\"lazy\" decoding=\"async\" width=\"1024\" height=\"577\" data-id=\"101\" src=\"https:\/\/lo.harryda.eu\/wp-content\/uploads\/2025\/06\/1000005781-1024x577.jpg\" alt=\"\" class=\"wp-image-101\" srcset=\"https:\/\/lo.harryda.eu\/wp-content\/uploads\/2025\/06\/1000005781-1024x577.jpg 1024w, https:\/\/lo.harryda.eu\/wp-content\/uploads\/2025\/06\/1000005781-300x169.jpg 300w, https:\/\/lo.harryda.eu\/wp-content\/uploads\/2025\/06\/1000005781-768x433.jpg 768w, https:\/\/lo.harryda.eu\/wp-content\/uploads\/2025\/06\/1000005781-1536x865.jpg 1536w, https:\/\/lo.harryda.eu\/wp-content\/uploads\/2025\/06\/1000005781-2048x1154.jpg 2048w, https:\/\/lo.harryda.eu\/wp-content\/uploads\/2025\/06\/1000005781-570x321.jpg 570w, https:\/\/lo.harryda.eu\/wp-content\/uploads\/2025\/06\/1000005781-1110x624.jpg 1110w, https:\/\/lo.harryda.eu\/wp-content\/uploads\/2025\/06\/1000005781-528x297.jpg 528w\" sizes=\"auto, (max-width: 1024px) 100vw, 1024px\" \/><\/figure>\n\n\n\n<figure class=\"wp-block-image size-large\"><img loading=\"lazy\" decoding=\"async\" width=\"1024\" height=\"473\" data-id=\"102\" src=\"https:\/\/lo.harryda.eu\/wp-content\/uploads\/2025\/06\/1000005774-1024x473.jpg\" alt=\"\" class=\"wp-image-102\" srcset=\"https:\/\/lo.harryda.eu\/wp-content\/uploads\/2025\/06\/1000005774-1024x473.jpg 1024w, https:\/\/lo.harryda.eu\/wp-content\/uploads\/2025\/06\/1000005774-300x139.jpg 300w, https:\/\/lo.harryda.eu\/wp-content\/uploads\/2025\/06\/1000005774-768x355.jpg 768w, https:\/\/lo.harryda.eu\/wp-content\/uploads\/2025\/06\/1000005774-1536x710.jpg 1536w, https:\/\/lo.harryda.eu\/wp-content\/uploads\/2025\/06\/1000005774-2048x946.jpg 2048w, https:\/\/lo.harryda.eu\/wp-content\/uploads\/2025\/06\/1000005774-570x263.jpg 570w\" sizes=\"auto, (max-width: 1024px) 100vw, 1024px\" \/><\/figure>\n\n\n\n<figure class=\"wp-block-image size-large\"><img loading=\"lazy\" decoding=\"async\" width=\"1024\" height=\"473\" data-id=\"103\" src=\"https:\/\/lo.harryda.eu\/wp-content\/uploads\/2025\/06\/1000005779-1024x473.jpg\" alt=\"\" class=\"wp-image-103\" srcset=\"https:\/\/lo.harryda.eu\/wp-content\/uploads\/2025\/06\/1000005779-1024x473.jpg 1024w, https:\/\/lo.harryda.eu\/wp-content\/uploads\/2025\/06\/1000005779-300x139.jpg 300w, https:\/\/lo.harryda.eu\/wp-content\/uploads\/2025\/06\/1000005779-768x355.jpg 768w, https:\/\/lo.harryda.eu\/wp-content\/uploads\/2025\/06\/1000005779-1536x710.jpg 1536w, https:\/\/lo.harryda.eu\/wp-content\/uploads\/2025\/06\/1000005779-2048x946.jpg 2048w, https:\/\/lo.harryda.eu\/wp-content\/uploads\/2025\/06\/1000005779-570x263.jpg 570w\" sizes=\"auto, (max-width: 1024px) 100vw, 1024px\" \/><\/figure>\n<\/figure>\n\n\n\n<p>Under ca 30 minuter efter filmen f\u00f6rdes diskussioner och reflektioner om filmen mellan Anna Brorson, Carina, Angelica och deltagarna. <\/p>\n\n\n\n<p>\u00c4mnet skapar mycket engagemang och en vilja att f\u00f6rst\u00e5, och flera av deltagarna stannade kvar efter\u00e5t f\u00f6r att prata.<\/p>\n\n\n\n<p>Under h\u00f6sten kommer LO H\u00e4rryda och <a href=\"https:\/\/www.abf.se\/sjuharad\/\" data-type=\"link\" data-id=\"https:\/\/www.abf.se\/sjuharad\/\">ABF Sjuh\u00e4rad<\/a> forts\u00e4tta att skapa m\u00f6ten och cirklar f\u00f6r att ge m\u00f6jlighet till diskussion och dialog i detta viktiga \u00e4mne.<\/p>\n\n\n\n<p><a href=\"https:\/\/www.svtplay.se\/video\/ePvVgwY\/det-omatbara\" data-type=\"link\" data-id=\"https:\/\/www.svtplay.se\/video\/ePvVgwY\/det-omatbara\">P\u00e5 SVT-Play kan man se en kortare version.<\/a><\/p>\n\n\n\n<p><\/p>\n","protected":false},"excerpt":{"rendered":"<p>Under kv\u00e4llen den 12 juni tr\u00e4ffades 15 personer p\u00e5 M\u00f6lnlycke Kulturhus f\u00f6r se p\u00e5 filmvisningen av &#8221;Det om\u00e4tbara&#8221;. LO H\u00e4rryda och ABF Sjuh\u00e4rad genomf\u00f6rde tillsammans en visning av filmen i full\u00e4ngd med ett efterf\u00f6ljande dialogsamtal med tv\u00e5 som arbetar i H\u00e4rryda kommun p\u00e5 barnomsorg och \u00e4ldrev\u00e5rd. I\u00a0Det om\u00e4tbara\u00a0v\u00e4nder Nils Petter L\u00f6fstedt \u00f6msint kameran mot sina [&hellip;]<\/p>\n","protected":false},"author":1,"featured_media":96,"comment_status":"open","ping_status":"open","sticky":false,"template":"","format":"standard","meta":{"_jetpack_memberships_contains_paid_content":false,"footnotes":"","jetpack_publicize_message":"","jetpack_publicize_feature_enabled":true,"jetpack_social_post_already_shared":true,"jetpack_social_options":{"image_generator_settings":{"template":"highway","default_image_id":0,"font":"","enabled":false},"version":2}},"categories":[5],"tags":[10,8],"class_list":{"0":"post-95","1":"post","2":"type-post","3":"status-publish","4":"format-standard","5":"has-post-thumbnail","7":"category-debatt","8":"tag-detomatbara","9":"tag-jamstalldhet","10":"czr-hentry"},"jetpack_publicize_connections":[],"jetpack_featured_media_url":"https:\/\/lo.harryda.eu\/wp-content\/uploads\/2025\/06\/17497937003404943596958151223021.jpg","jetpack_sharing_enabled":true,"jetpack_likes_enabled":true,"_links":{"self":[{"href":"https:\/\/lo.harryda.eu\/index.php\/wp-json\/wp\/v2\/posts\/95","targetHints":{"allow":["GET"]}}],"collection":[{"href":"https:\/\/lo.harryda.eu\/index.php\/wp-json\/wp\/v2\/posts"}],"about":[{"href":"https:\/\/lo.harryda.eu\/index.php\/wp-json\/wp\/v2\/types\/post"}],"author":[{"embeddable":true,"href":"https:\/\/lo.harryda.eu\/index.php\/wp-json\/wp\/v2\/users\/1"}],"replies":[{"embeddable":true,"href":"https:\/\/lo.harryda.eu\/index.php\/wp-json\/wp\/v2\/comments?post=95"}],"version-history":[{"count":8,"href":"https:\/\/lo.harryda.eu\/index.php\/wp-json\/wp\/v2\/posts\/95\/revisions"}],"predecessor-version":[{"id":107,"href":"https:\/\/lo.harryda.eu\/index.php\/wp-json\/wp\/v2\/posts\/95\/revisions\/107"}],"wp:featuredmedia":[{"embeddable":true,"href":"https:\/\/lo.harryda.eu\/index.php\/wp-json\/wp\/v2\/media\/96"}],"wp:attachment":[{"href":"https:\/\/lo.harryda.eu\/index.php\/wp-json\/wp\/v2\/media?parent=95"}],"wp:term":[{"taxonomy":"category","embeddable":true,"href":"https:\/\/lo.harryda.eu\/index.php\/wp-json\/wp\/v2\/categories?post=95"},{"taxonomy":"post_tag","embeddable":true,"href":"https:\/\/lo.harryda.eu\/index.php\/wp-json\/wp\/v2\/tags?post=95"}],"curies":[{"name":"wp","href":"https:\/\/api.w.org\/{rel}","templated":true}]}}