{"id":84,"date":"2024-03-08T08:22:32","date_gmt":"2024-03-08T07:22:32","guid":{"rendered":"https:\/\/lo.harryda.eu\/?p=84"},"modified":"2024-03-08T09:29:09","modified_gmt":"2024-03-08T08:29:09","slug":"idag-uppmarksammar-vi-internationella-kvinnodagen","status":"publish","type":"post","link":"https:\/\/lo.harryda.eu\/index.php\/2024\/03\/08\/idag-uppmarksammar-vi-internationella-kvinnodagen\/","title":{"rendered":"Idag uppm\u00e4rksammar vi internationella kvinnodagen"},"content":{"rendered":"\n<p>Under morgonen m\u00f6tte representanter fr\u00e5n fackf\u00f6reningar, Socialdemokraterna och V\u00e4nsterpartiet gemensamt upp morgonens pendlare p\u00e5 bussterminalen i M\u00f6lnlycke.<\/p>\n\n\n\n<p>Med material och varmt kaffe denna kalla morgon diskuterade vi fr\u00e5gor med inv\u00e5nare om internationella kvinnodagen. Att l\u00f6nerna i kvinnodominerade yrken hamnar efter, och varf\u00f6r det blir s\u00e5.<\/p>\n\n\n\n<p>M\u00e5nga k\u00e4nner till dagen, men inte reflekterat \u00f6ver vad det inneb\u00e4r. Andra hade inte en tanke p\u00e5 den men fick nya \u00f6gon f\u00f6r den.<\/p>\n\n\n\n<figure class=\"wp-block-image size-large\"><img loading=\"lazy\" decoding=\"async\" width=\"768\" height=\"1024\" src=\"https:\/\/lo.harryda.eu\/wp-content\/uploads\/2024\/03\/20240308_0642395888863107411698839-768x1024.jpg\" alt=\"\" class=\"wp-image-83\" srcset=\"https:\/\/lo.harryda.eu\/wp-content\/uploads\/2024\/03\/20240308_0642395888863107411698839-768x1024.jpg 768w, https:\/\/lo.harryda.eu\/wp-content\/uploads\/2024\/03\/20240308_0642395888863107411698839-225x300.jpg 225w, https:\/\/lo.harryda.eu\/wp-content\/uploads\/2024\/03\/20240308_0642395888863107411698839-1152x1536.jpg 1152w, https:\/\/lo.harryda.eu\/wp-content\/uploads\/2024\/03\/20240308_0642395888863107411698839-570x760.jpg 570w, https:\/\/lo.harryda.eu\/wp-content\/uploads\/2024\/03\/20240308_0642395888863107411698839.jpg 1500w\" sizes=\"auto, (max-width: 768px) 100vw, 768px\" \/><figcaption class=\"wp-element-caption\">Taggade att prata med inv\u00e5nare som passerar p\u00e5 v\u00e4g till jobbet en kall mars morgon.<\/figcaption><\/figure>\n\n\n\n<p>L\u00e4s g\u00e4rna v\u00e5r <a href=\"https:\/\/lo.harryda.eu\/index.php\/2024\/03\/03\/arbetarkvinnor-i-vastra-gotaland-forlorar-tusenlappar-nar-de-inte-far-jobba-heltid\/\">ins\u00e4ndare med anledning av den oj\u00e4mlika arbetsmarknaden.<\/a><\/p>\n","protected":false},"excerpt":{"rendered":"<p>Under morgonen m\u00f6tte representanter fr\u00e5n fackf\u00f6reningar, Socialdemokraterna och V\u00e4nsterpartiet gemensamt upp morgonens pendlare p\u00e5 bussterminalen i M\u00f6lnlycke. Med material och varmt kaffe denna kalla morgon diskuterade vi fr\u00e5gor med inv\u00e5nare om internationella kvinnodagen. Att l\u00f6nerna i kvinnodominerade yrken hamnar efter, och varf\u00f6r det blir s\u00e5. M\u00e5nga k\u00e4nner till dagen, men inte reflekterat \u00f6ver vad det [&hellip;]<\/p>\n","protected":false},"author":1,"featured_media":0,"comment_status":"open","ping_status":"open","sticky":false,"template":"","format":"standard","meta":{"_jetpack_memberships_contains_paid_content":false,"footnotes":"","jetpack_publicize_message":"","jetpack_publicize_feature_enabled":true,"jetpack_social_post_already_shared":true,"jetpack_social_options":{"image_generator_settings":{"template":"highway","default_image_id":0,"font":"","enabled":false},"version":2}},"categories":[4],"tags":[9,7],"class_list":{"0":"post-84","1":"post","2":"type-post","3":"status-publish","4":"format-standard","6":"category-lo-harryda","7":"tag-aktivitet","8":"tag-internationellakvinnodagen","9":"czr-hentry"},"jetpack_publicize_connections":[],"jetpack_featured_media_url":"","jetpack_sharing_enabled":true,"jetpack_likes_enabled":true,"_links":{"self":[{"href":"https:\/\/lo.harryda.eu\/index.php\/wp-json\/wp\/v2\/posts\/84","targetHints":{"allow":["GET"]}}],"collection":[{"href":"https:\/\/lo.harryda.eu\/index.php\/wp-json\/wp\/v2\/posts"}],"about":[{"href":"https:\/\/lo.harryda.eu\/index.php\/wp-json\/wp\/v2\/types\/post"}],"author":[{"embeddable":true,"href":"https:\/\/lo.harryda.eu\/index.php\/wp-json\/wp\/v2\/users\/1"}],"replies":[{"embeddable":true,"href":"https:\/\/lo.harryda.eu\/index.php\/wp-json\/wp\/v2\/comments?post=84"}],"version-history":[{"count":3,"href":"https:\/\/lo.harryda.eu\/index.php\/wp-json\/wp\/v2\/posts\/84\/revisions"}],"predecessor-version":[{"id":87,"href":"https:\/\/lo.harryda.eu\/index.php\/wp-json\/wp\/v2\/posts\/84\/revisions\/87"}],"wp:attachment":[{"href":"https:\/\/lo.harryda.eu\/index.php\/wp-json\/wp\/v2\/media?parent=84"}],"wp:term":[{"taxonomy":"category","embeddable":true,"href":"https:\/\/lo.harryda.eu\/index.php\/wp-json\/wp\/v2\/categories?post=84"},{"taxonomy":"post_tag","embeddable":true,"href":"https:\/\/lo.harryda.eu\/index.php\/wp-json\/wp\/v2\/tags?post=84"}],"curies":[{"name":"wp","href":"https:\/\/api.w.org\/{rel}","templated":true}]}}