{"id":61,"date":"2023-10-25T07:11:18","date_gmt":"2023-10-25T07:11:18","guid":{"rendered":"https:\/\/lo.harryda.eu\/?p=61"},"modified":"2023-10-25T07:11:21","modified_gmt":"2023-10-25T07:11:21","slug":"idag-firar-vi-vara-kamrater-som-ar-skyddsombud","status":"publish","type":"post","link":"https:\/\/lo.harryda.eu\/index.php\/2023\/10\/25\/idag-firar-vi-vara-kamrater-som-ar-skyddsombud\/","title":{"rendered":"Idag firar vi v\u00e5ra kamrater som \u00e4r skyddsombud"},"content":{"rendered":"\n<p>Vi \u00e4r inne i vecka 43, som \u00e4r EU:s nationella arbetsmilj\u00f6 vecka, och onsdag denna veckan \u00e4r en speciell dag. Idag firar vi n\u00e4mligen v\u00e5ra kamrater som \u00e4r skyddsombud lite extra mycket.<\/p>\n\n\n\n<p>Under tidiga morgonen m\u00f6ttes pendlare och f\u00f6rare av LO-facken i H\u00e4rryda p\u00e5 bussterminalen i M\u00f6lnlycke. Mitt bland buss byten f\u00f6rdes dialoger om trygghet f\u00f6r vanligt folk. <\/p>\n\n\n\n<p>Flera bra dialoger och m\u00f6ten blev det och vi tackar alla som tog sin tid att ber\u00e4tta om sin vardag.<\/p>\n\n\n\n<figure class=\"wp-block-image size-large\"><img loading=\"lazy\" decoding=\"async\" width=\"478\" height=\"1024\" src=\"https:\/\/lo.harryda.eu\/wp-content\/uploads\/2023\/10\/20231025_064729-478x1024.jpg\" alt=\"\" class=\"wp-image-62\" srcset=\"https:\/\/lo.harryda.eu\/wp-content\/uploads\/2023\/10\/20231025_064729-478x1024.jpg 478w, https:\/\/lo.harryda.eu\/wp-content\/uploads\/2023\/10\/20231025_064729-140x300.jpg 140w, https:\/\/lo.harryda.eu\/wp-content\/uploads\/2023\/10\/20231025_064729-768x1645.jpg 768w, https:\/\/lo.harryda.eu\/wp-content\/uploads\/2023\/10\/20231025_064729-717x1536.jpg 717w, https:\/\/lo.harryda.eu\/wp-content\/uploads\/2023\/10\/20231025_064729-956x2048.jpg 956w, https:\/\/lo.harryda.eu\/wp-content\/uploads\/2023\/10\/20231025_064729-570x1221.jpg 570w, https:\/\/lo.harryda.eu\/wp-content\/uploads\/2023\/10\/20231025_064729-scaled.jpg 1196w\" sizes=\"auto, (max-width: 478px) 100vw, 478px\" \/><\/figure>\n","protected":false},"excerpt":{"rendered":"<p>Vi \u00e4r inne i vecka 43, som \u00e4r EU:s nationella arbetsmilj\u00f6 vecka, och onsdag denna veckan \u00e4r en speciell dag. Idag firar vi n\u00e4mligen v\u00e5ra kamrater som \u00e4r skyddsombud lite extra mycket. Under tidiga morgonen m\u00f6ttes pendlare och f\u00f6rare av LO-facken i H\u00e4rryda p\u00e5 bussterminalen i M\u00f6lnlycke. Mitt bland buss byten f\u00f6rdes dialoger om trygghet [&hellip;]<\/p>\n","protected":false},"author":1,"featured_media":0,"comment_status":"open","ping_status":"open","sticky":false,"template":"","format":"standard","meta":{"_jetpack_memberships_contains_paid_content":false,"footnotes":"","jetpack_publicize_message":"","jetpack_publicize_feature_enabled":true,"jetpack_social_post_already_shared":false,"jetpack_social_options":{"image_generator_settings":{"template":"highway","default_image_id":0,"font":"","enabled":false},"version":2}},"categories":[4],"tags":[6],"class_list":{"0":"post-61","1":"post","2":"type-post","3":"status-publish","4":"format-standard","6":"category-lo-harryda","7":"tag-arbetsmiljo","8":"czr-hentry"},"jetpack_publicize_connections":[],"jetpack_featured_media_url":"","jetpack_sharing_enabled":true,"jetpack_likes_enabled":true,"_links":{"self":[{"href":"https:\/\/lo.harryda.eu\/index.php\/wp-json\/wp\/v2\/posts\/61","targetHints":{"allow":["GET"]}}],"collection":[{"href":"https:\/\/lo.harryda.eu\/index.php\/wp-json\/wp\/v2\/posts"}],"about":[{"href":"https:\/\/lo.harryda.eu\/index.php\/wp-json\/wp\/v2\/types\/post"}],"author":[{"embeddable":true,"href":"https:\/\/lo.harryda.eu\/index.php\/wp-json\/wp\/v2\/users\/1"}],"replies":[{"embeddable":true,"href":"https:\/\/lo.harryda.eu\/index.php\/wp-json\/wp\/v2\/comments?post=61"}],"version-history":[{"count":3,"href":"https:\/\/lo.harryda.eu\/index.php\/wp-json\/wp\/v2\/posts\/61\/revisions"}],"predecessor-version":[{"id":65,"href":"https:\/\/lo.harryda.eu\/index.php\/wp-json\/wp\/v2\/posts\/61\/revisions\/65"}],"wp:attachment":[{"href":"https:\/\/lo.harryda.eu\/index.php\/wp-json\/wp\/v2\/media?parent=61"}],"wp:term":[{"taxonomy":"category","embeddable":true,"href":"https:\/\/lo.harryda.eu\/index.php\/wp-json\/wp\/v2\/categories?post=61"},{"taxonomy":"post_tag","embeddable":true,"href":"https:\/\/lo.harryda.eu\/index.php\/wp-json\/wp\/v2\/tags?post=61"}],"curies":[{"name":"wp","href":"https:\/\/api.w.org\/{rel}","templated":true}]}}