{"id":53,"date":"2023-09-14T12:12:23","date_gmt":"2023-09-14T12:12:23","guid":{"rendered":"https:\/\/lo.harryda.eu\/?p=53"},"modified":"2023-10-08T12:15:32","modified_gmt":"2023-10-08T12:15:32","slug":"varfor-ar-de-som-dor-pa-jobbet-inte-viktiga","status":"publish","type":"post","link":"https:\/\/lo.harryda.eu\/index.php\/2023\/09\/14\/varfor-ar-de-som-dor-pa-jobbet-inte-viktiga\/","title":{"rendered":"Varf\u00f6r \u00e4r de som d\u00f6r p\u00e5 jobbet inte viktiga?"},"content":{"rendered":"\n<p>N\u00e4r Ulf Kristersson prioriterar och pratar om vad som \u00e4r viktigt i Sverige idag i sin regeringsf\u00f6rklaring den 12 september \u00e4r det som att han blickar ut \u00f6ver ett land d\u00e4r ingen jobbar. Ingen som jobbar p\u00e5 en arbetsplats d\u00e4r arbetsmilj\u00f6n brister, ingen som jobbar p\u00e5 en arbetsplats d\u00e4r arbetsgivaren \u00e4r kriminell och ingen som jobbar p\u00e5 en arbetsplats d\u00e4r n\u00e5gon faktiskt har d\u00f6tt.<\/p>\n\n\n\n<p>Vi som i v\u00e5r vardag vet att en god arbetsmilj\u00f6 best\u00e5r av ett samspel mellan facklig n\u00e4rvaro och arbetsgivare som tar arbetsmilj\u00f6arbetet p\u00e5 allvar kan inte vara annat \u00e4n f\u00f6rv\u00e5nade.<\/p>\n\n\n\n<p>I Sverige har \u00f6ver 30 m\u00e4nniskor d\u00f6tt p\u00e5 sin arbetsplats hittills i \u00e5r. De flesta av dessa olyckor hade kunnat undvikas om arbetsgivarna hade jobbat systematiskt med sin arbetsmilj\u00f6 och f\u00f6ljt det regelverk som finns.<\/p>\n\n\n\n<p>Men regeringen forts\u00e4tter att blunda medan arbetare varje dag riskerar att vara den n\u00e4sta som inte kommer hem efter arbetsdagens slut.<\/p>\n\n\n\n<p>Visst finns det andra problem i Sverige. Visst \u00e4r det bra om vi kan g\u00f6ra n\u00e5got \u00e5t det. Men det finns ingen st\u00f6rre intressegemenskap i Sverige \u00e4n arbetsmilj\u00f6n. Arbetsmilj\u00f6 f\u00f6r eleverna i skolan. Arbetsmilj\u00f6n f\u00f6r vanligt folk p\u00e5 sina vanliga jobb.<\/p>\n\n\n\n<p>Ulf Kristersson n\u00e4mner den psykiska oh\u00e4lsan men han n\u00e4mner inte det som ofta \u00e4r grundorsaken. Stress och press under arbetsdagen kopplat till otrygga villkor och sv\u00e5righeter att f\u00e5 ihop sin vardag.<\/p>\n\n\n\n<p>Sveriges l\u00f6ntagare f\u00f6rtj\u00e4nar b\u00e4ttre. Vi f\u00f6rtj\u00e4nar en regering som erk\u00e4nner att trygghet inte bara \u00e4r att du ska k\u00e4nna dig s\u00e4ker p\u00e5 gator och torg. Trygghet \u00e4r att du ska k\u00e4nna dig s\u00e4ker p\u00e5 ditt jobb och att du ska ha grundl\u00e4ggande villkor som minskar den psykiska oh\u00e4lsan. Idag uppger var tredje kvinna i ett arbetaryrke att de inte kan ta korta pauser p\u00e5 jobbet.<\/p>\n\n\n\n<p>Visst. H\u00e4r finns ett arbete f\u00f6r oss i facket att g\u00f6ra men det kr\u00e4ver att v\u00e5ra politiker bryr sig om v\u00e5r vardag. Nu vet vi \u00e5tminstone att moderatledaren Ulf Kristersson inte g\u00f6r det.<\/p>\n\n\n\n<p>Magnus Anderson, ordf\u00f6rande i LO-facken i H\u00e4rryda<\/p>\n","protected":false},"excerpt":{"rendered":"<p>N\u00e4r Ulf Kristersson prioriterar och pratar om vad som \u00e4r viktigt i Sverige idag i sin regeringsf\u00f6rklaring den 12 september \u00e4r det som att han blickar ut \u00f6ver ett land d\u00e4r ingen jobbar. Ingen som jobbar p\u00e5 en arbetsplats d\u00e4r arbetsmilj\u00f6n brister, ingen som jobbar p\u00e5 en arbetsplats d\u00e4r arbetsgivaren \u00e4r kriminell och ingen som [&hellip;]<\/p>\n","protected":false},"author":1,"featured_media":0,"comment_status":"open","ping_status":"open","sticky":false,"template":"","format":"standard","meta":{"_jetpack_memberships_contains_paid_content":false,"footnotes":"","jetpack_publicize_message":"","jetpack_publicize_feature_enabled":true,"jetpack_social_post_already_shared":false,"jetpack_social_options":{"image_generator_settings":{"template":"highway","default_image_id":0,"font":"","enabled":false},"version":2}},"categories":[5],"tags":[6],"class_list":{"0":"post-53","1":"post","2":"type-post","3":"status-publish","4":"format-standard","6":"category-debatt","7":"tag-arbetsmiljo","8":"czr-hentry"},"jetpack_publicize_connections":[],"jetpack_featured_media_url":"","jetpack_sharing_enabled":true,"jetpack_likes_enabled":true,"_links":{"self":[{"href":"https:\/\/lo.harryda.eu\/index.php\/wp-json\/wp\/v2\/posts\/53","targetHints":{"allow":["GET"]}}],"collection":[{"href":"https:\/\/lo.harryda.eu\/index.php\/wp-json\/wp\/v2\/posts"}],"about":[{"href":"https:\/\/lo.harryda.eu\/index.php\/wp-json\/wp\/v2\/types\/post"}],"author":[{"embeddable":true,"href":"https:\/\/lo.harryda.eu\/index.php\/wp-json\/wp\/v2\/users\/1"}],"replies":[{"embeddable":true,"href":"https:\/\/lo.harryda.eu\/index.php\/wp-json\/wp\/v2\/comments?post=53"}],"version-history":[{"count":1,"href":"https:\/\/lo.harryda.eu\/index.php\/wp-json\/wp\/v2\/posts\/53\/revisions"}],"predecessor-version":[{"id":54,"href":"https:\/\/lo.harryda.eu\/index.php\/wp-json\/wp\/v2\/posts\/53\/revisions\/54"}],"wp:attachment":[{"href":"https:\/\/lo.harryda.eu\/index.php\/wp-json\/wp\/v2\/media?parent=53"}],"wp:term":[{"taxonomy":"category","embeddable":true,"href":"https:\/\/lo.harryda.eu\/index.php\/wp-json\/wp\/v2\/categories?post=53"},{"taxonomy":"post_tag","embeddable":true,"href":"https:\/\/lo.harryda.eu\/index.php\/wp-json\/wp\/v2\/tags?post=53"}],"curies":[{"name":"wp","href":"https:\/\/api.w.org\/{rel}","templated":true}]}}