{"id":19,"date":"2023-10-08T10:55:35","date_gmt":"2023-10-08T10:55:35","guid":{"rendered":"https:\/\/lo.harryda.eu\/?p=19"},"modified":"2023-10-08T11:17:53","modified_gmt":"2023-10-08T11:17:53","slug":"lo-facken-i-harryda-far-hemsida","status":"publish","type":"post","link":"https:\/\/lo.harryda.eu\/index.php\/2023\/10\/08\/lo-facken-i-harryda-far-hemsida\/","title":{"rendered":"LO-facken i H\u00e4rryda f\u00e5r hemsida"},"content":{"rendered":"\n<p><\/p>\n\n\n\n<p>Under h\u00f6sten samlades LO-fackens representanter i H\u00e4rryda f\u00f6r att installera en ny styrelse. Vid den tidpunkten kommer vi ocks\u00e5 att lansera en officiell hemsida som kommer att fungera som en informationsk\u00e4lla och nyhetsportal.<\/p>\n\n\n\n<p>P\u00e5 denna hemsida kommer vi att publicera aktuella h\u00e4ndelser och rapportera om v\u00e5ra verksamheter i kommunen samt eventuella samarbeten med andra parter. H\u00e4r kommer du kunna ta del av rapporter fr\u00e5n styrelsem\u00f6ten och f\u00e5 information om kommande aktiviteter.<\/p>\n\n\n\n<p>Vi avser \u00e4ven att publicera egna debattartiklar och ins\u00e4ndare p\u00e5 hemsidan samt ge en \u00f6versikt \u00f6ver relaterade skribenters verk och andra relevanta h\u00e4ndelser inom ramen f\u00f6r LO i V\u00e4st.<\/p>\n\n\n\n<p>Om du \u00e4r intresserad av aktuella h\u00e4ndelser inom LO-facket i H\u00e4rryda, rekommenderar vi att du bes\u00f6ker v\u00e5r eventkalender d\u00e4r du hittar detaljerad information om kommande evenemang: <a href=\"https:\/\/lo.harryda.eu\/index.php\/events\/\">Aktuella h\u00e4ndelser i LO-facket H\u00e4rryda finner du i v\u00e5r event-kalander<\/a>.<\/p>\n\n\n\n<p>F\u00f6r att h\u00e5lla dig uppdaterad om v\u00e5ra senaste nyheter och information, har du ocks\u00e5 m\u00f6jlighet att prenumerera p\u00e5 v\u00e5rt nyhetsbrev. Detta nyhetsbrev skickas ut h\u00f6gst en g\u00e5ng i m\u00e5naden och ger dig en sammanfattning av de viktigaste h\u00e4ndelserna och uppdateringarna: <a href=\"https:\/\/lo.harryda.eu\/index.php\/newsletter\/\">Prenumerera p\u00e5 v\u00e5rt nyhetsbrev f\u00f6r l\u00f6pande uppdateringar<\/a>.<\/p>\n\n\n\n\n\n\n\n<h2 class=\"wp-block-heading\">Vad g\u00f6r LO-facken?<\/h2>\n\n\n\n<p>LO-facken i kommunerna har tre huvuduppgifter, <\/p>\n\n\n\n<h3 class=\"wp-block-heading\">Facklig-politisk verksamhet<\/h3>\n\n\n\n<p>De lokala LO-facken ska vara en aktiv akt\u00f6r i det lokala arbetslivet. <\/p>\n\n\n\n<p>B\u00e5de n\u00e4r det g\u00e4ller att lyfta fr\u00e5gor som ber\u00f6r LO medlemmar och att utveckla goda kontakter mellan n\u00e4ringslivets akt\u00f6rer, offentliga som privata samt politiska beslutsfattare. Planera och ansvara f\u00f6r att det genomf\u00f6rs aktiviteter i syfte att p\u00e5verka den lokala politiken i en riktning som f\u00f6rb\u00e4ttrar arbets- och livsvillkoren f\u00f6r LO-f\u00f6rbundens medlemmar i kommunen.<\/p>\n\n\n\n<h3 class=\"wp-block-heading\">Opinionsbildning<\/h3>\n\n\n\n<p>Delta i en lokal debatt med ins\u00e4ndare och svar i den lokala tidningen och kontakta ortens journalister om s\u00e4rskilt angel\u00e4gna \u00e4renden. Men idag ing\u00e5r ocks\u00e5 arbete med digitala medier via personliga eller organisationens kanaler.<\/p>\n\n\n\n<h3 class=\"wp-block-heading\">Engagemang i den lokala arbetsmarknaden<\/h3>\n\n\n\n<p>LO-facken ska ha en uppdaterad bild av hur syssels\u00e4ttningen utvecklas p\u00e5 den lokala arbetsmarknaden. Det \u00e4r viktigt att vara med och p\u00e5verka s\u00e5 att r\u00e4tt arbetsmarknads\u00e5tg\u00e4rder anv\u00e4nds och d\u00e5 g\u00e4rna i samordning med utbildningsinsatser.<\/p>\n\n\n\n<p>Samordna och st\u00f6dja ett arbete f\u00f6r att uppr\u00e4tth\u00e5lla en h\u00f6g facklig organisationsgrad, samordna den fackliga utbildningen via organisationerna ABF eller VSAF (Viskadalens folkh\u00f6gskola) och bedriva en lokal m\u00f6tesverksamhet som syftar till att skola och samla den lokala arbetarr\u00f6relsen.<\/p>\n\n\n\n<h2 class=\"wp-block-heading\">Styrelsen<\/h2>\n\n\n\n<p>Det lokala LO-facket \u00e4r organiserad som en del av LO-distriktet i V\u00e4stsverige och \u00e4r d\u00e4rf\u00f6r ingen egen juridisk person. Ytterst ansvarig \u00e4r LO-distriktets styrelse. De lokala LO-facken ska vara en aktiv akt\u00f6r i det lokala arbetslivet. B\u00e5de n\u00e4r det g\u00e4ller att lyfta fr\u00e5gor som ber\u00f6r LO medlemmar och att utveckla goda kontakter mellan n\u00e4ringslivets akt\u00f6rer, offentliga som privata samt politiska beslutsfattare.<\/p>\n\n\n\n<p>LO-facken finns till f\u00f6r alla medlemmar i LO f\u00f6rbunden. Vi deltar d\u00e4rf\u00f6r g\u00e4rna p\u00e5 h\u00e4ndelser i kommunen som ber\u00f6r v\u00e5ra medlemmar. Vid fr\u00e5gor, h\u00f6r av dig till ordf\u00f6rande.<\/p>\n\n\n\n<p>Styrelsen har idag ett mandat p\u00e5 2 \u00e5r, som g\u00e5r ut 2025, och best\u00e5r av f\u00f6ljande<\/p>\n\n\n\n<ul class=\"wp-block-list\">\n<li>Magnus Anderson, GS-facket, Ordf\u00f6rance,\n<ul class=\"wp-block-list\">\n<li>Email: <a href=\"mailto:magnus.andersson@gsfacket.se\">magnus.andersson(at)gsfacket.se<\/a><\/li>\n<\/ul>\n<\/li>\n\n\n\n<li>Monica Bengtsson, Kommunal, Vice Ordf\u00f6rande<\/li>\n\n\n\n<li>Agneta Svensson, Kommunal<\/li>\n\n\n\n<li>Johan Jensen, SEKO<\/li>\n\n\n\n<li>Henrik Almroth, IF-Metall<\/li>\n<\/ul>\n\n\n\n<h2 class=\"wp-block-heading\">Vill du engagera dig?<\/h2>\n\n\n\n<p>Att engagera sig \u00e4r en kraftfull och meningsfull v\u00e4g att p\u00e5verka v\u00e4rlden runt omkring oss. Genom att vara passionerad och brinna f\u00f6r det vi tror p\u00e5 kan vi g\u00f6ra verklig skillnad och inspirera andra att g\u00f6ra detsamma. Att \u00e4gna sig \u00e5t frivilligarbete \u00e4r ett s\u00e4tt att bidra till samh\u00e4llet och hj\u00e4lpa dem som beh\u00f6ver det mest.<\/p>\n\n\n\n<p>N\u00e4r vi engagerar oss visar vi v\u00e5rt st\u00f6d f\u00f6r de \u00e4renden som betyder mest f\u00f6r oss. Det kan vara att vara en r\u00f6st f\u00f6r de r\u00f6stl\u00f6sa, att k\u00e4mpa f\u00f6r r\u00e4ttvisa eller att arbeta f\u00f6r milj\u00f6skyddet. Genom v\u00e5ra handlingar kan vi p\u00e5verka politiska och sociala f\u00f6r\u00e4ndringar p\u00e5 lokal, nationell och global niv\u00e5.<\/p>\n\n\n\n<p>Men engagemang handlar inte bara om att g\u00f6ra skillnad i v\u00e4rlden, det berikar ocks\u00e5 v\u00e5ra egna liv. Genom att engagera oss f\u00e5r vi m\u00f6jligheten att m\u00f6ta nya m\u00e4nniskor, utveckla nya f\u00e4rdigheter och uppt\u00e4cka nya passioner. Vi l\u00e4r oss att vara tacksamma f\u00f6r det vi har och vi f\u00e5r perspektiv p\u00e5 livet.<\/p>\n\n\n\n<p>S\u00e5 ta chansen att \u00f6ppna ditt hj\u00e4rtan, g\u00f6r din r\u00f6st h\u00f6rd och skapa positiv f\u00f6r\u00e4ndring i v\u00e4rlden. Varje individ, oavsett \u00e5lder eller bakgrund, har m\u00f6jlighet att bidra. Tillsammans kan vi skapa en b\u00e4ttre och mer inkluderande v\u00e4rld f\u00f6r alla. S\u00e5 l\u00e5t oss b\u00f6rja idag och g\u00f6ra skillnad!<\/p>\n\n\n\n<p>Du kan till exempel<\/p>\n\n\n\n<ul class=\"wp-block-list\">\n<li>Skriva en debattartikel eller ins\u00e4ndare i lokaltidningen<\/li>\n\n\n\n<li>Skapa ett event med fackligt eller folkbildande tema<\/li>\n\n\n\n<li>Engagera dig i styrelsen, <a href=\"https:\/\/vastsverige.lo.se\/vastsverige\/om_oss\/lo_i_kommunerna\/nominering_till_lo_facken_i_kommunernas_styrelse\" data-type=\"link\" data-id=\"https:\/\/vastsverige.lo.se\/vastsverige\/om_oss\/lo_i_kommunerna\/nominering_till_lo_facken_i_kommunernas_styrelse\">nomineringar g\u00f6rs via formul\u00e4ret p\u00e5 LO-v\u00e4st<\/a><\/li>\n<\/ul>\n\n\n\n<p><\/p>\n","protected":false},"excerpt":{"rendered":"<p>Under h\u00f6sten samlades LO-fackens representanter i H\u00e4rryda f\u00f6r att installera en ny styrelse. Vid den tidpunkten kommer vi ocks\u00e5 att lansera en officiell hemsida som kommer att fungera som en informationsk\u00e4lla och nyhetsportal. P\u00e5 denna hemsida kommer vi att publicera aktuella h\u00e4ndelser och rapportera om v\u00e5ra verksamheter i kommunen samt eventuella samarbeten med andra parter. [&hellip;]<\/p>\n","protected":false},"author":1,"featured_media":0,"comment_status":"open","ping_status":"open","sticky":false,"template":"","format":"standard","meta":{"_jetpack_memberships_contains_paid_content":false,"footnotes":"","jetpack_publicize_message":"","jetpack_publicize_feature_enabled":true,"jetpack_social_post_already_shared":false,"jetpack_social_options":{"image_generator_settings":{"template":"highway","default_image_id":0,"font":"","enabled":false},"version":2}},"categories":[4],"tags":[],"class_list":{"0":"post-19","1":"post","2":"type-post","3":"status-publish","4":"format-standard","6":"category-lo-harryda","7":"czr-hentry"},"jetpack_publicize_connections":[],"jetpack_featured_media_url":"","jetpack_sharing_enabled":true,"jetpack_likes_enabled":true,"_links":{"self":[{"href":"https:\/\/lo.harryda.eu\/index.php\/wp-json\/wp\/v2\/posts\/19","targetHints":{"allow":["GET"]}}],"collection":[{"href":"https:\/\/lo.harryda.eu\/index.php\/wp-json\/wp\/v2\/posts"}],"about":[{"href":"https:\/\/lo.harryda.eu\/index.php\/wp-json\/wp\/v2\/types\/post"}],"author":[{"embeddable":true,"href":"https:\/\/lo.harryda.eu\/index.php\/wp-json\/wp\/v2\/users\/1"}],"replies":[{"embeddable":true,"href":"https:\/\/lo.harryda.eu\/index.php\/wp-json\/wp\/v2\/comments?post=19"}],"version-history":[{"count":10,"href":"https:\/\/lo.harryda.eu\/index.php\/wp-json\/wp\/v2\/posts\/19\/revisions"}],"predecessor-version":[{"id":44,"href":"https:\/\/lo.harryda.eu\/index.php\/wp-json\/wp\/v2\/posts\/19\/revisions\/44"}],"wp:attachment":[{"href":"https:\/\/lo.harryda.eu\/index.php\/wp-json\/wp\/v2\/media?parent=19"}],"wp:term":[{"taxonomy":"category","embeddable":true,"href":"https:\/\/lo.harryda.eu\/index.php\/wp-json\/wp\/v2\/categories?post=19"},{"taxonomy":"post_tag","embeddable":true,"href":"https:\/\/lo.harryda.eu\/index.php\/wp-json\/wp\/v2\/tags?post=19"}],"curies":[{"name":"wp","href":"https:\/\/api.w.org\/{rel}","templated":true}]}}